{"id":4280,"date":"2025-11-19T13:10:48","date_gmt":"2025-11-19T16:10:48","guid":{"rendered":"https:\/\/igarapava.sp.gov.br\/site\/?p=4280"},"modified":"2025-12-04T18:51:50","modified_gmt":"2025-12-04T21:51:50","slug":"programa-gente-que-faz","status":"publish","type":"post","link":"https:\/\/igarapava.sp.gov.br\/site\/programa-gente-que-faz\/","title":{"rendered":"Programa Gente Que Faz"},"content":{"rendered":"\t\t<div data-elementor-type=\"wp-post\" data-elementor-id=\"4280\" class=\"elementor elementor-4280\" data-elementor-post-type=\"post\">\n\t\t\t\t<div class=\"elementor-element elementor-element-8f7dc20 e-flex e-con-boxed e-con e-parent\" data-id=\"8f7dc20\" data-element_type=\"container\" data-e-type=\"container\">\n\t\t\t\t\t<div class=\"e-con-inner\">\n\t\t\t\t<div class=\"elementor-element elementor-element-501e1f2 elementor-widget elementor-widget-heading\" data-id=\"501e1f2\" data-element_type=\"widget\" data-e-type=\"widget\" data-widget_type=\"heading.default\">\n\t\t\t\t\t<h2 class=\"elementor-heading-title elementor-size-default\">Saiu o Edital do PROGRAMA GENTE QUE FAZ!<\/h2>\t\t\t\t<\/div>\n\t\t\t\t<div class=\"elementor-element elementor-element-df63a29 elementor-widget elementor-widget-text-editor\" data-id=\"df63a29\" data-element_type=\"widget\" data-e-type=\"widget\" data-widget_type=\"text-editor.default\">\n\t\t\t\t\t\t\t\t\t<h3 data-start=\"83\" data-end=\"131\">\u00a0<\/h3><h3 data-start=\"83\" data-end=\"131\">A Prefeitura de Igarapava d\u00e1 in\u00edcio \u00e0 Sele\u00e7\u00e3o P\u00fablica para <strong data-start=\"192\" data-end=\"213\">at\u00e9 150 bolsistas<\/strong>, uma iniciativa que busca combater o desemprego e promover qualifica\u00e7\u00e3o profissional no munic\u00edpio.<\/h3><p>\u00a0<\/p><p data-start=\"314\" data-end=\"510\">\ud83d\udcc5 <strong data-start=\"317\" data-end=\"328\">QUANDO:<\/strong> 24\/11 a 28\/11\/2025 (de segunda a sexta-feira)<\/p><p data-start=\"314\" data-end=\"510\"><br data-start=\"374\" data-end=\"377\" \/>\u23f0 <strong data-start=\"379\" data-end=\"391\">HOR\u00c1RIO:<\/strong> Das 08h \u00e0s 16h (inscri\u00e7\u00f5es durante toda a semana)<\/p><p data-start=\"314\" data-end=\"510\"><br data-start=\"441\" data-end=\"444\" \/>\ud83d\udccd <strong data-start=\"447\" data-end=\"456\">ONDE:<\/strong> Centro Operacional \u2014 Av. Jo\u00e3o Augusto de Freitas, 629<\/p><p data-start=\"314\" data-end=\"510\">\u00a0<\/p><p data-start=\"512\" data-end=\"651\">\u26a0\ufe0f <strong data-start=\"515\" data-end=\"554\">ATEN\u00c7\u00c3O AOS DOCUMENTOS NECESS\u00c1RIOS!<\/strong><\/p><p data-start=\"512\" data-end=\"651\"><br data-start=\"554\" data-end=\"557\" \/>A inscri\u00e7\u00e3o \u00e9 <strong data-start=\"571\" data-end=\"585\">presencial<\/strong> e exige <strong data-start=\"594\" data-end=\"630\">todos os documentos obrigat\u00f3rios<\/strong> previstos no Edital.<\/p><p data-start=\"512\" data-end=\"651\">\u00a0<\/p><p data-start=\"653\" data-end=\"699\">\ud83d\udcc4 <a href=\"https:\/\/igarapava.sp.gov.br\/site\/wp-content\/uploads\/2025\/11\/DOEM-Edital-Programa-Gente-que-Faz.pdf\" target=\"_blank\" rel=\"noopener\"><strong data-start=\"656\" data-end=\"699\">Clique aqui e acesse o Edital Completo!<\/strong><\/a><\/p>\t\t\t\t\t\t\t\t<\/div>\n\t\t\t\t\t<\/div>\n\t\t\t\t<\/div>\n\t\t\t\t<\/div>\n\t\t","protected":false},"excerpt":{"rendered":"<p>Saiu o Edital do PROGRAMA GENTE QUE FAZ! \u00a0 A Prefeitura de Igarapava d\u00e1 in\u00edcio \u00e0 Sele\u00e7\u00e3o P\u00fablica para at\u00e9 150 bolsistas, uma iniciativa que busca combater o desemprego e promover qualifica\u00e7\u00e3o profissional no munic\u00edpio. \u00a0 \ud83d\udcc5 QUANDO: 24\/11 a 28\/11\/2025 (de segunda a sexta-feira) \u23f0 HOR\u00c1RIO: Das 08h \u00e0s 16h (inscri\u00e7\u00f5es durante toda a [&hellip;]<\/p>\n","protected":false},"author":1,"featured_media":4659,"comment_status":"closed","ping_status":"closed","sticky":false,"template":"","format":"standard","meta":{"footnotes":""},"categories":[137],"tags":[],"class_list":["post-4280","post","type-post","status-publish","format-standard","has-post-thumbnail","hentry","category-desenvolvimento-economico"],"_links":{"self":[{"href":"https:\/\/igarapava.sp.gov.br\/site\/wp-json\/wp\/v2\/posts\/4280","targetHints":{"allow":["GET"]}}],"collection":[{"href":"https:\/\/igarapava.sp.gov.br\/site\/wp-json\/wp\/v2\/posts"}],"about":[{"href":"https:\/\/igarapava.sp.gov.br\/site\/wp-json\/wp\/v2\/types\/post"}],"author":[{"embeddable":true,"href":"https:\/\/igarapava.sp.gov.br\/site\/wp-json\/wp\/v2\/users\/1"}],"replies":[{"embeddable":true,"href":"https:\/\/igarapava.sp.gov.br\/site\/wp-json\/wp\/v2\/comments?post=4280"}],"version-history":[{"count":4,"href":"https:\/\/igarapava.sp.gov.br\/site\/wp-json\/wp\/v2\/posts\/4280\/revisions"}],"predecessor-version":[{"id":4288,"href":"https:\/\/igarapava.sp.gov.br\/site\/wp-json\/wp\/v2\/posts\/4280\/revisions\/4288"}],"wp:featuredmedia":[{"embeddable":true,"href":"https:\/\/igarapava.sp.gov.br\/site\/wp-json\/wp\/v2\/media\/4659"}],"wp:attachment":[{"href":"https:\/\/igarapava.sp.gov.br\/site\/wp-json\/wp\/v2\/media?parent=4280"}],"wp:term":[{"taxonomy":"category","embeddable":true,"href":"https:\/\/igarapava.sp.gov.br\/site\/wp-json\/wp\/v2\/categories?post=4280"},{"taxonomy":"post_tag","embeddable":true,"href":"https:\/\/igarapava.sp.gov.br\/site\/wp-json\/wp\/v2\/tags?post=4280"}],"curies":[{"name":"wp","href":"https:\/\/api.w.org\/{rel}","templated":true}]}}